{"id":695,"date":"2025-08-08T17:42:14","date_gmt":"2025-08-08T15:42:14","guid":{"rendered":"https:\/\/attstantoine.fr\/?p=695"},"modified":"2025-12-22T10:11:36","modified_gmt":"2025-12-22T09:11:36","slug":"reprise-des-entrainements","status":"publish","type":"post","link":"https:\/\/attstantoine.fr\/index.php\/2025\/08\/08\/reprise-des-entrainements\/","title":{"rendered":"Reprise des entra\u00eenements"},"content":{"rendered":"\t\t<div data-elementor-type=\"wp-post\" data-elementor-id=\"695\" class=\"elementor elementor-695\">\n\t\t\t\t<div class=\"elementor-element elementor-element-4e1a13fc e-flex e-con-boxed e-con e-parent\" data-id=\"4e1a13fc\" data-element_type=\"container\" data-e-type=\"container\">\n\t\t\t\t\t<div class=\"e-con-inner\">\n\t\t\t\t<div class=\"elementor-element elementor-element-406d2976 elementor-widget elementor-widget-text-editor\" data-id=\"406d2976\" data-element_type=\"widget\" data-e-type=\"widget\" data-widget_type=\"text-editor.default\">\n\t\t\t\t\t\t\t\t\t\n<p>A vos raquettes! Les entra\u00eenements reprennent \u00e0 partir du 2 septembre 2025.<\/p>\n\n\n\n<ul class=\"wp-block-list\">\n<li><strong>Mardi<\/strong> : jeunes de 18h30 \u00e0 19h30 et adultes \u00e0 partir de 19h30<\/li>\n\n\n\n<li><strong>Vendredi<\/strong> : \u00e0 partir de 19h30<\/li>\n<\/ul>\n\n\n\n<p>Et toujours \u00e0 la salle Jean Pinon !<\/p>\n\t\t\t\t\t\t\t\t<\/div>\n\t\t\t\t\t<\/div>\n\t\t\t\t<\/div>\n\t\t<div class=\"elementor-element elementor-element-b9622eb e-flex e-con-boxed e-con e-parent\" data-id=\"b9622eb\" data-element_type=\"container\" data-e-type=\"container\">\n\t\t\t\t\t<div class=\"e-con-inner\">\n\t\t\t\t<div class=\"elementor-element elementor-element-bb233d1 elementor-widget elementor-widget-google_maps\" data-id=\"bb233d1\" data-element_type=\"widget\" data-e-type=\"widget\" data-widget_type=\"google_maps.default\">\n\t\t\t\t\t\t\t<div class=\"elementor-custom-embed\">\n\t\t\t<iframe loading=\"lazy\"\n\t\t\t\t\tsrc=\"https:\/\/maps.google.com\/maps?q=Salle%20jean%20Pinon&#038;t=m&#038;z=16&#038;output=embed&#038;iwloc=near\"\n\t\t\t\t\ttitle=\"Salle jean Pinon\"\n\t\t\t\t\taria-label=\"Salle jean Pinon\"\n\t\t\t><\/iframe>\n\t\t<\/div>\n\t\t\t\t\t\t<\/div>\n\t\t\t\t\t<\/div>\n\t\t\t\t<\/div>\n\t\t\t\t<\/div>\n\t\t","protected":false},"excerpt":{"rendered":"<p>A vos raquettes! Les entra\u00eenements reprennent \u00e0 partir du 2 septembre 2025. Et toujours \u00e0 la salle Jean Pinon !<\/p>\n","protected":false},"author":1,"featured_media":650,"comment_status":"closed","ping_status":"open","sticky":false,"template":"","format":"standard","meta":{"_themeisle_gutenberg_block_has_review":false,"_cloudinary_featured_overwrite":false,"footnotes":""},"categories":[10],"tags":[],"class_list":["post-695","post","type-post","status-publish","format-standard","has-post-thumbnail","hentry","category-info"],"yoast_head":"<!-- This site is optimized with the Yoast SEO plugin v27.2 - https:\/\/yoast.com\/product\/yoast-seo-wordpress\/ -->\n<title>Reprise des entra\u00eenements - ATT Saint Antoine du Rocher<\/title>\n<meta name=\"robots\" content=\"index, follow, max-snippet:-1, max-image-preview:large, max-video-preview:-1\" \/>\n<link rel=\"canonical\" href=\"https:\/\/attstantoine.fr\/index.php\/2025\/08\/08\/reprise-des-entrainements\/\" \/>\n<meta property=\"og:locale\" content=\"fr_FR\" \/>\n<meta property=\"og:type\" content=\"article\" \/>\n<meta property=\"og:title\" content=\"Reprise des entra\u00eenements - ATT Saint Antoine du Rocher\" \/>\n<meta property=\"og:description\" content=\"A vos raquettes! Les entra\u00eenements reprennent \u00e0 partir du 2 septembre 2025. Et toujours \u00e0 la salle Jean Pinon !\" \/>\n<meta property=\"og:url\" content=\"https:\/\/attstantoine.fr\/index.php\/2025\/08\/08\/reprise-des-entrainements\/\" \/>\n<meta property=\"og:site_name\" content=\"ATT Saint Antoine du Rocher\" \/>\n<meta property=\"article:publisher\" content=\"https:\/\/www.facebook.com\/share\/165aDDHAVj\/\" \/>\n<meta property=\"article:published_time\" content=\"2025-08-08T15:42:14+00:00\" \/>\n<meta property=\"article:modified_time\" content=\"2025-12-22T09:11:36+00:00\" \/>\n<meta property=\"og:image\" content=\"http:\/\/attstantoine.fr\/wp-content\/uploads\/2025\/07\/cropped-520496425_122103202406946459_8237019415374191210_n-scaled-1.jpg\" \/>\n\t<meta property=\"og:image:width\" content=\"2000\" \/>\n\t<meta property=\"og:image:height\" content=\"1150\" \/>\n\t<meta property=\"og:image:type\" content=\"image\/jpeg\" \/>\n<meta name=\"author\" content=\"ATT St Antoine\" \/>\n<meta name=\"twitter:card\" content=\"summary_large_image\" \/>\n<meta name=\"twitter:label1\" content=\"\u00c9crit par\" \/>\n\t<meta name=\"twitter:data1\" content=\"ATT St Antoine\" \/>\n\t<meta name=\"twitter:label2\" content=\"Dur\u00e9e de lecture estim\u00e9e\" \/>\n\t<meta name=\"twitter:data2\" content=\"1 minute\" \/>\n<script type=\"application\/ld+json\" class=\"yoast-schema-graph\">{\"@context\":\"https:\/\/schema.org\",\"@graph\":[{\"@type\":\"Article\",\"@id\":\"https:\/\/attstantoine.fr\/index.php\/2025\/08\/08\/reprise-des-entrainements\/#article\",\"isPartOf\":{\"@id\":\"https:\/\/attstantoine.fr\/index.php\/2025\/08\/08\/reprise-des-entrainements\/\"},\"author\":{\"name\":\"ATT St Antoine\",\"@id\":\"https:\/\/attstantoine.fr\/#\/schema\/person\/1436cfe0509bc54023448106837a6dc7\"},\"headline\":\"Reprise des entra\u00eenements\",\"datePublished\":\"2025-08-08T15:42:14+00:00\",\"dateModified\":\"2025-12-22T09:11:36+00:00\",\"mainEntityOfPage\":{\"@id\":\"https:\/\/attstantoine.fr\/index.php\/2025\/08\/08\/reprise-des-entrainements\/\"},\"wordCount\":34,\"publisher\":{\"@id\":\"https:\/\/attstantoine.fr\/#organization\"},\"image\":{\"@id\":\"https:\/\/attstantoine.fr\/index.php\/2025\/08\/08\/reprise-des-entrainements\/#primaryimage\"},\"thumbnailUrl\":\"https:\/\/res.cloudinary.com\/db7gsuilq\/images\/f_auto,q_auto\/v1759304282\/cropped-520496425_122103202406946459_8237019415374191210_n-scaled-1\/cropped-520496425_122103202406946459_8237019415374191210_n-scaled-1.jpg?_i=AA\",\"articleSection\":[\"Info\"],\"inLanguage\":\"fr-FR\"},{\"@type\":\"WebPage\",\"@id\":\"https:\/\/attstantoine.fr\/index.php\/2025\/08\/08\/reprise-des-entrainements\/\",\"url\":\"https:\/\/attstantoine.fr\/index.php\/2025\/08\/08\/reprise-des-entrainements\/\",\"name\":\"Reprise des entra\u00eenements - ATT Saint Antoine du Rocher\",\"isPartOf\":{\"@id\":\"https:\/\/attstantoine.fr\/#website\"},\"primaryImageOfPage\":{\"@id\":\"https:\/\/attstantoine.fr\/index.php\/2025\/08\/08\/reprise-des-entrainements\/#primaryimage\"},\"image\":{\"@id\":\"https:\/\/attstantoine.fr\/index.php\/2025\/08\/08\/reprise-des-entrainements\/#primaryimage\"},\"thumbnailUrl\":\"https:\/\/res.cloudinary.com\/db7gsuilq\/images\/f_auto,q_auto\/v1759304282\/cropped-520496425_122103202406946459_8237019415374191210_n-scaled-1\/cropped-520496425_122103202406946459_8237019415374191210_n-scaled-1.jpg?_i=AA\",\"datePublished\":\"2025-08-08T15:42:14+00:00\",\"dateModified\":\"2025-12-22T09:11:36+00:00\",\"breadcrumb\":{\"@id\":\"https:\/\/attstantoine.fr\/index.php\/2025\/08\/08\/reprise-des-entrainements\/#breadcrumb\"},\"inLanguage\":\"fr-FR\",\"potentialAction\":[{\"@type\":\"ReadAction\",\"target\":[\"https:\/\/attstantoine.fr\/index.php\/2025\/08\/08\/reprise-des-entrainements\/\"]}]},{\"@type\":\"ImageObject\",\"inLanguage\":\"fr-FR\",\"@id\":\"https:\/\/attstantoine.fr\/index.php\/2025\/08\/08\/reprise-des-entrainements\/#primaryimage\",\"url\":\"https:\/\/res.cloudinary.com\/db7gsuilq\/images\/f_auto,q_auto\/v1759304282\/cropped-520496425_122103202406946459_8237019415374191210_n-scaled-1\/cropped-520496425_122103202406946459_8237019415374191210_n-scaled-1.jpg?_i=AA\",\"contentUrl\":\"https:\/\/res.cloudinary.com\/db7gsuilq\/images\/f_auto,q_auto\/v1759304282\/cropped-520496425_122103202406946459_8237019415374191210_n-scaled-1\/cropped-520496425_122103202406946459_8237019415374191210_n-scaled-1.jpg?_i=AA\",\"width\":2000,\"height\":1150},{\"@type\":\"BreadcrumbList\",\"@id\":\"https:\/\/attstantoine.fr\/index.php\/2025\/08\/08\/reprise-des-entrainements\/#breadcrumb\",\"itemListElement\":[{\"@type\":\"ListItem\",\"position\":1,\"name\":\"Home\",\"item\":\"https:\/\/attstantoine.fr\/\"},{\"@type\":\"ListItem\",\"position\":2,\"name\":\"Reprise des entra\u00eenements\"}]},{\"@type\":\"WebSite\",\"@id\":\"https:\/\/attstantoine.fr\/#website\",\"url\":\"https:\/\/attstantoine.fr\/\",\"name\":\"ATT Saint Antoine du Rocher\",\"description\":\"Le tennis de table pour tous, au c\u0153ur de la Touraine\",\"publisher\":{\"@id\":\"https:\/\/attstantoine.fr\/#organization\"},\"potentialAction\":[{\"@type\":\"SearchAction\",\"target\":{\"@type\":\"EntryPoint\",\"urlTemplate\":\"https:\/\/attstantoine.fr\/?s={search_term_string}\"},\"query-input\":{\"@type\":\"PropertyValueSpecification\",\"valueRequired\":true,\"valueName\":\"search_term_string\"}}],\"inLanguage\":\"fr-FR\"},{\"@type\":\"Organization\",\"@id\":\"https:\/\/attstantoine.fr\/#organization\",\"name\":\"ATT Saint Antoine du Rocher\",\"url\":\"https:\/\/attstantoine.fr\/\",\"logo\":{\"@type\":\"ImageObject\",\"inLanguage\":\"fr-FR\",\"@id\":\"https:\/\/attstantoine.fr\/#\/schema\/logo\/image\/\",\"url\":\"https:\/\/attstantoine.fr\/wp-content\/uploads\/2025\/07\/logo-att2-1024x450-1.webp\",\"contentUrl\":\"https:\/\/attstantoine.fr\/wp-content\/uploads\/2025\/07\/logo-att2-1024x450-1.webp\",\"width\":1024,\"height\":450,\"caption\":\"ATT Saint Antoine du Rocher\"},\"image\":{\"@id\":\"https:\/\/attstantoine.fr\/#\/schema\/logo\/image\/\"},\"sameAs\":[\"https:\/\/www.facebook.com\/share\/165aDDHAVj\/\"]},{\"@type\":\"Person\",\"@id\":\"https:\/\/attstantoine.fr\/#\/schema\/person\/1436cfe0509bc54023448106837a6dc7\",\"name\":\"ATT St Antoine\",\"image\":{\"@type\":\"ImageObject\",\"inLanguage\":\"fr-FR\",\"@id\":\"https:\/\/secure.gravatar.com\/avatar\/6de331d5c6ece7ceda177e92dad467759d1e1a9ea6bd6e892afefea319dae341?s=96&d=mm&r=g\",\"url\":\"https:\/\/secure.gravatar.com\/avatar\/6de331d5c6ece7ceda177e92dad467759d1e1a9ea6bd6e892afefea319dae341?s=96&d=mm&r=g\",\"contentUrl\":\"https:\/\/secure.gravatar.com\/avatar\/6de331d5c6ece7ceda177e92dad467759d1e1a9ea6bd6e892afefea319dae341?s=96&d=mm&r=g\",\"caption\":\"ATT St Antoine\"},\"sameAs\":[\"https:\/\/attstantoine.fr\/\"],\"url\":\"https:\/\/attstantoine.fr\/index.php\/author\/sg37admin\/\"}]}<\/script>\n<!-- \/ Yoast SEO plugin. -->","yoast_head_json":{"title":"Reprise des entra\u00eenements - ATT Saint Antoine du Rocher","robots":{"index":"index","follow":"follow","max-snippet":"max-snippet:-1","max-image-preview":"max-image-preview:large","max-video-preview":"max-video-preview:-1"},"canonical":"https:\/\/attstantoine.fr\/index.php\/2025\/08\/08\/reprise-des-entrainements\/","og_locale":"fr_FR","og_type":"article","og_title":"Reprise des entra\u00eenements - ATT Saint Antoine du Rocher","og_description":"A vos raquettes! Les entra\u00eenements reprennent \u00e0 partir du 2 septembre 2025. Et toujours \u00e0 la salle Jean Pinon !","og_url":"https:\/\/attstantoine.fr\/index.php\/2025\/08\/08\/reprise-des-entrainements\/","og_site_name":"ATT Saint Antoine du Rocher","article_publisher":"https:\/\/www.facebook.com\/share\/165aDDHAVj\/","article_published_time":"2025-08-08T15:42:14+00:00","article_modified_time":"2025-12-22T09:11:36+00:00","og_image":[{"width":2000,"height":1150,"url":"http:\/\/attstantoine.fr\/wp-content\/uploads\/2025\/07\/cropped-520496425_122103202406946459_8237019415374191210_n-scaled-1.jpg","type":"image\/jpeg"}],"author":"ATT St Antoine","twitter_card":"summary_large_image","twitter_misc":{"\u00c9crit par":"ATT St Antoine","Dur\u00e9e de lecture estim\u00e9e":"1 minute"},"schema":{"@context":"https:\/\/schema.org","@graph":[{"@type":"Article","@id":"https:\/\/attstantoine.fr\/index.php\/2025\/08\/08\/reprise-des-entrainements\/#article","isPartOf":{"@id":"https:\/\/attstantoine.fr\/index.php\/2025\/08\/08\/reprise-des-entrainements\/"},"author":{"name":"ATT St Antoine","@id":"https:\/\/attstantoine.fr\/#\/schema\/person\/1436cfe0509bc54023448106837a6dc7"},"headline":"Reprise des entra\u00eenements","datePublished":"2025-08-08T15:42:14+00:00","dateModified":"2025-12-22T09:11:36+00:00","mainEntityOfPage":{"@id":"https:\/\/attstantoine.fr\/index.php\/2025\/08\/08\/reprise-des-entrainements\/"},"wordCount":34,"publisher":{"@id":"https:\/\/attstantoine.fr\/#organization"},"image":{"@id":"https:\/\/attstantoine.fr\/index.php\/2025\/08\/08\/reprise-des-entrainements\/#primaryimage"},"thumbnailUrl":"https:\/\/res.cloudinary.com\/db7gsuilq\/images\/f_auto,q_auto\/v1759304282\/cropped-520496425_122103202406946459_8237019415374191210_n-scaled-1\/cropped-520496425_122103202406946459_8237019415374191210_n-scaled-1.jpg?_i=AA","articleSection":["Info"],"inLanguage":"fr-FR"},{"@type":"WebPage","@id":"https:\/\/attstantoine.fr\/index.php\/2025\/08\/08\/reprise-des-entrainements\/","url":"https:\/\/attstantoine.fr\/index.php\/2025\/08\/08\/reprise-des-entrainements\/","name":"Reprise des entra\u00eenements - ATT Saint Antoine du Rocher","isPartOf":{"@id":"https:\/\/attstantoine.fr\/#website"},"primaryImageOfPage":{"@id":"https:\/\/attstantoine.fr\/index.php\/2025\/08\/08\/reprise-des-entrainements\/#primaryimage"},"image":{"@id":"https:\/\/attstantoine.fr\/index.php\/2025\/08\/08\/reprise-des-entrainements\/#primaryimage"},"thumbnailUrl":"https:\/\/res.cloudinary.com\/db7gsuilq\/images\/f_auto,q_auto\/v1759304282\/cropped-520496425_122103202406946459_8237019415374191210_n-scaled-1\/cropped-520496425_122103202406946459_8237019415374191210_n-scaled-1.jpg?_i=AA","datePublished":"2025-08-08T15:42:14+00:00","dateModified":"2025-12-22T09:11:36+00:00","breadcrumb":{"@id":"https:\/\/attstantoine.fr\/index.php\/2025\/08\/08\/reprise-des-entrainements\/#breadcrumb"},"inLanguage":"fr-FR","potentialAction":[{"@type":"ReadAction","target":["https:\/\/attstantoine.fr\/index.php\/2025\/08\/08\/reprise-des-entrainements\/"]}]},{"@type":"ImageObject","inLanguage":"fr-FR","@id":"https:\/\/attstantoine.fr\/index.php\/2025\/08\/08\/reprise-des-entrainements\/#primaryimage","url":"https:\/\/res.cloudinary.com\/db7gsuilq\/images\/f_auto,q_auto\/v1759304282\/cropped-520496425_122103202406946459_8237019415374191210_n-scaled-1\/cropped-520496425_122103202406946459_8237019415374191210_n-scaled-1.jpg?_i=AA","contentUrl":"https:\/\/res.cloudinary.com\/db7gsuilq\/images\/f_auto,q_auto\/v1759304282\/cropped-520496425_122103202406946459_8237019415374191210_n-scaled-1\/cropped-520496425_122103202406946459_8237019415374191210_n-scaled-1.jpg?_i=AA","width":2000,"height":1150},{"@type":"BreadcrumbList","@id":"https:\/\/attstantoine.fr\/index.php\/2025\/08\/08\/reprise-des-entrainements\/#breadcrumb","itemListElement":[{"@type":"ListItem","position":1,"name":"Home","item":"https:\/\/attstantoine.fr\/"},{"@type":"ListItem","position":2,"name":"Reprise des entra\u00eenements"}]},{"@type":"WebSite","@id":"https:\/\/attstantoine.fr\/#website","url":"https:\/\/attstantoine.fr\/","name":"ATT Saint Antoine du Rocher","description":"Le tennis de table pour tous, au c\u0153ur de la Touraine","publisher":{"@id":"https:\/\/attstantoine.fr\/#organization"},"potentialAction":[{"@type":"SearchAction","target":{"@type":"EntryPoint","urlTemplate":"https:\/\/attstantoine.fr\/?s={search_term_string}"},"query-input":{"@type":"PropertyValueSpecification","valueRequired":true,"valueName":"search_term_string"}}],"inLanguage":"fr-FR"},{"@type":"Organization","@id":"https:\/\/attstantoine.fr\/#organization","name":"ATT Saint Antoine du Rocher","url":"https:\/\/attstantoine.fr\/","logo":{"@type":"ImageObject","inLanguage":"fr-FR","@id":"https:\/\/attstantoine.fr\/#\/schema\/logo\/image\/","url":"https:\/\/attstantoine.fr\/wp-content\/uploads\/2025\/07\/logo-att2-1024x450-1.webp","contentUrl":"https:\/\/attstantoine.fr\/wp-content\/uploads\/2025\/07\/logo-att2-1024x450-1.webp","width":1024,"height":450,"caption":"ATT Saint Antoine du Rocher"},"image":{"@id":"https:\/\/attstantoine.fr\/#\/schema\/logo\/image\/"},"sameAs":["https:\/\/www.facebook.com\/share\/165aDDHAVj\/"]},{"@type":"Person","@id":"https:\/\/attstantoine.fr\/#\/schema\/person\/1436cfe0509bc54023448106837a6dc7","name":"ATT St Antoine","image":{"@type":"ImageObject","inLanguage":"fr-FR","@id":"https:\/\/secure.gravatar.com\/avatar\/6de331d5c6ece7ceda177e92dad467759d1e1a9ea6bd6e892afefea319dae341?s=96&d=mm&r=g","url":"https:\/\/secure.gravatar.com\/avatar\/6de331d5c6ece7ceda177e92dad467759d1e1a9ea6bd6e892afefea319dae341?s=96&d=mm&r=g","contentUrl":"https:\/\/secure.gravatar.com\/avatar\/6de331d5c6ece7ceda177e92dad467759d1e1a9ea6bd6e892afefea319dae341?s=96&d=mm&r=g","caption":"ATT St Antoine"},"sameAs":["https:\/\/attstantoine.fr\/"],"url":"https:\/\/attstantoine.fr\/index.php\/author\/sg37admin\/"}]}},"_links":{"self":[{"href":"https:\/\/attstantoine.fr\/index.php\/wp-json\/wp\/v2\/posts\/695","targetHints":{"allow":["GET"]}}],"collection":[{"href":"https:\/\/attstantoine.fr\/index.php\/wp-json\/wp\/v2\/posts"}],"about":[{"href":"https:\/\/attstantoine.fr\/index.php\/wp-json\/wp\/v2\/types\/post"}],"author":[{"embeddable":true,"href":"https:\/\/attstantoine.fr\/index.php\/wp-json\/wp\/v2\/users\/1"}],"replies":[{"embeddable":true,"href":"https:\/\/attstantoine.fr\/index.php\/wp-json\/wp\/v2\/comments?post=695"}],"version-history":[{"count":7,"href":"https:\/\/attstantoine.fr\/index.php\/wp-json\/wp\/v2\/posts\/695\/revisions"}],"predecessor-version":[{"id":702,"href":"https:\/\/attstantoine.fr\/index.php\/wp-json\/wp\/v2\/posts\/695\/revisions\/702"}],"wp:featuredmedia":[{"embeddable":true,"href":"https:\/\/attstantoine.fr\/index.php\/wp-json\/wp\/v2\/media\/650"}],"wp:attachment":[{"href":"https:\/\/attstantoine.fr\/index.php\/wp-json\/wp\/v2\/media?parent=695"}],"wp:term":[{"taxonomy":"category","embeddable":true,"href":"https:\/\/attstantoine.fr\/index.php\/wp-json\/wp\/v2\/categories?post=695"},{"taxonomy":"post_tag","embeddable":true,"href":"https:\/\/attstantoine.fr\/index.php\/wp-json\/wp\/v2\/tags?post=695"}],"curies":[{"name":"wp","href":"https:\/\/api.w.org\/{rel}","templated":true}]}}